{"id":13718,"date":"2020-12-23T14:42:55","date_gmt":"2020-12-23T10:42:55","guid":{"rendered":"http:\/\/aranxeber.com\/?p=13718"},"modified":"2020-12-23T14:42:58","modified_gmt":"2020-12-23T10:42:58","slug":"samir-serifov","status":"publish","type":"post","link":"https:\/\/aranxeber.com\/?p=13718","title":{"rendered":"Samir \u015e\u0259rifov: \u201c\u0130qtisadiyyat\u0131m\u0131z 10 faiz\u0259d\u0259k ki\u00e7il\u0259 bil\u0259rdi\u201d"},"content":{"rendered":"\n<p>\u201c\u0130qtisadiyyat\u0131m\u0131z 2020-ci ild\u0259 b\u00f6y\u00fck m\u0259nfi t\u0259sirl\u0259r\u0259 m\u0259ruz qal\u0131b. Amma biz bu il b\u00f6y\u00fck islahatlar h\u0259yata ke\u00e7irdik v\u0259 s\u0131naqlardan \u00fcz\u00fca\u00e7\u0131q \u00e7\u0131xd\u0131q\u201d.<\/p>\n\n\n\n<p>Bunu Milli M\u0259clisin \u0130qtisadi siyas\u0259t, s\u0259naye v\u0259 sahibkarl\u0131q komit\u0259sinin bu g\u00fcn ke\u00e7iril\u0259n iclas\u0131nda g\u0259l\u0259n ilin d\u00f6vl\u0259t v\u0259 icmal b\u00fcdc\u0259l\u0259rinin m\u00fczakir\u0259si zaman\u0131 Maliyy\u0259 naziri Samir \u015e\u0259rifov deyib.<\/p>\n\n\n\n<p>\u201c\u00d6lk\u0259mizd\u0259 el\u0259 idar\u0259etm\u0259 sistemi formala\u015f\u0131b ki, s\u0131naqlardan \u00fcz\u00fca\u00e7\u0131q \u00e7\u0131x\u0131r\u0131q.<\/p>\n\n\n\n<p>M\u00fc\u0259yy\u0259n ssenaril\u0259r\u0259 g\u00f6r\u0259, bizim iqtisadiyyat\u0131m\u0131z 10 faiz\u0259 q\u0259d\u0259r ki\u00e7il\u0259 bil\u0259rdi. Biz \u0259limizd\u0259kil\u0259ri itir\u0259 bil\u0259rdik.<\/p>\n\n\n\n<p>M\u00fc\u0259yy\u0259n vergi g\u00fcz\u0259\u015ftl\u0259ri h\u0259min m\u00fcdd\u0259td\u0259 verildi. Bir \u00e7ox t\u0259dbirl\u0259r g\u00f6r\u00fcld\u00fc v\u0259 g\u00f6r\u00fclm\u0259kd\u0259dir\u201d, &#8211; dey\u0259 o&nbsp;qeyd edib.<\/p>\n","protected":false},"excerpt":{"rendered":"<p>\u201c\u0130qtisadiyyat\u0131m\u0131z 2020-ci ild\u0259 b\u00f6y\u00fck m\u0259nfi t\u0259sirl\u0259r\u0259 m\u0259ruz qal\u0131b. Amma biz bu il b\u00f6y\u00fck islahatlar h\u0259yata ke\u00e7irdik v\u0259 s\u0131naqlardan \u00fcz\u00fca\u00e7\u0131q \u00e7\u0131xd\u0131q\u201d. Bunu Milli M\u0259clisin \u0130qtisadi siyas\u0259t, s\u0259naye v\u0259 sahibkarl\u0131q komit\u0259sinin bu g\u00fcn ke\u00e7iril\u0259n iclas\u0131nda g\u0259l\u0259n ilin d\u00f6vl\u0259t v\u0259 icmal b\u00fcdc\u0259l\u0259rinin m\u00fczakir\u0259si zaman\u0131 Maliyy\u0259 naziri Samir \u015e\u0259rifov deyib. \u201c\u00d6lk\u0259mizd\u0259 el\u0259 idar\u0259etm\u0259 sistemi formala\u015f\u0131b ki, s\u0131naqlardan \u00fcz\u00fca\u00e7\u0131q \u00e7\u0131x\u0131r\u0131q. [&hellip;]<\/p>\n","protected":false},"author":3,"featured_media":13720,"comment_status":"closed","ping_status":"open","sticky":false,"template":"","format":"standard","meta":{"_monsterinsights_skip_tracking":false,"_monsterinsights_sitenote_active":false,"_monsterinsights_sitenote_note":"","_monsterinsights_sitenote_category":0,"footnotes":""},"categories":[9,93],"tags":[],"class_list":["post-13718","post","type-post","status-publish","format-standard","has-post-thumbnail","hentry","category-hadise","category-iqtisadiyyat"],"_links":{"self":[{"href":"https:\/\/aranxeber.com\/index.php?rest_route=\/wp\/v2\/posts\/13718","targetHints":{"allow":["GET"]}}],"collection":[{"href":"https:\/\/aranxeber.com\/index.php?rest_route=\/wp\/v2\/posts"}],"about":[{"href":"https:\/\/aranxeber.com\/index.php?rest_route=\/wp\/v2\/types\/post"}],"author":[{"embeddable":true,"href":"https:\/\/aranxeber.com\/index.php?rest_route=\/wp\/v2\/users\/3"}],"replies":[{"embeddable":true,"href":"https:\/\/aranxeber.com\/index.php?rest_route=%2Fwp%2Fv2%2Fcomments&post=13718"}],"version-history":[{"count":1,"href":"https:\/\/aranxeber.com\/index.php?rest_route=\/wp\/v2\/posts\/13718\/revisions"}],"predecessor-version":[{"id":13721,"href":"https:\/\/aranxeber.com\/index.php?rest_route=\/wp\/v2\/posts\/13718\/revisions\/13721"}],"wp:featuredmedia":[{"embeddable":true,"href":"https:\/\/aranxeber.com\/index.php?rest_route=\/wp\/v2\/media\/13720"}],"wp:attachment":[{"href":"https:\/\/aranxeber.com\/index.php?rest_route=%2Fwp%2Fv2%2Fmedia&parent=13718"}],"wp:term":[{"taxonomy":"category","embeddable":true,"href":"https:\/\/aranxeber.com\/index.php?rest_route=%2Fwp%2Fv2%2Fcategories&post=13718"},{"taxonomy":"post_tag","embeddable":true,"href":"https:\/\/aranxeber.com\/index.php?rest_route=%2Fwp%2Fv2%2Ftags&post=13718"}],"curies":[{"name":"wp","href":"https:\/\/api.w.org\/{rel}","templated":true}]}}